{"id":4170,"date":"2026-07-03T21:06:00","date_gmt":"2026-07-04T00:06:00","guid":{"rendered":"https:\/\/www.emiliana.cl\/?p=4170"},"modified":"2026-09-03T21:31:26","modified_gmt":"2026-09-04T00:31:26","slug":"nueva-imagen-para-adobe-el-best-seller-global-de-vinedos-organicos-emiliana","status":"publish","type":"post","link":"https:\/\/www.emiliana.cl\/pt\/nueva-imagen-para-adobe-el-best-seller-global-de-vinedos-organicos-emiliana\/","title":{"rendered":"Nova imagem para Adobe, o best-seller global da Vi\u00f1edos Org\u00e1nicos Emiliana"},"content":{"rendered":"<p><span style=\"font-weight: 400;\">Adobe, a marca ic\u00f4nica da Vi\u00f1edos Org\u00e1nicos Emiliana \u2014 a maior vin\u00edcola org\u00e2nica do mundo \u2014, se renova com um novo visual. Com novas cores e um design moderno, essa mudan\u00e7a de imagem busca se adaptar aos novos tempos e h\u00e1bitos de consumo, sem deixar de lado o respeito pela terra e sua ess\u00eancia como vin\u00edcola: ser livre de pesticidas.<\/span><\/p>\n<p><span style=\"font-weight: 400;\">Adobe \u00e9 um vinho Reserva <\/span><i><span style=\"font-weight: 400;\">org\u00e2nico<\/span><\/i><span style=\"font-weight: 400;\">; isso significa que possui o equil\u00edbrio perfeito entre qualidade na hora de servir na ta\u00e7a e pre\u00e7o no momento da compra. Claro, sem deixar de lado o respeito ao longo de todo o processo de cria\u00e7\u00e3o deste produto. Este r\u00f3tulo chamativo se destaca por representar com for\u00e7a o s\u00edmbolo mais puro da agricultura org\u00e2nica da Emiliana: o Galo.<\/span><\/p>\n<p><span style=\"font-weight: 400;\">\u201cNa Emiliana, acreditamos que cada decis\u00e3o pode gerar um grande impacto. Nosso vinho Adobe \u00e9 um convite para brindar ao aut\u00eantico e consumir produtos que contem uma hist\u00f3ria com prop\u00f3sito durante sua trajet\u00f3ria, do campo \u00e0 ta\u00e7a. Estamos orgulhosos dessa nova imagem e do que ela representa\u201d, disse Cristi\u00e1n Rodr\u00edguez, Gerente Geral da Emiliana.<\/span><\/p>\n<p><span style=\"font-weight: 400;\">O branding com o Galo como protagonista busca destacar a import\u00e2ncia da agricultura org\u00e2nica e refor\u00e7ar essa marca global com um visual fresco, moderno e rejuvenescido.<\/span><\/p>\n<p><span style=\"font-weight: 400;\">A nova imagem do Adobe j\u00e1 est\u00e1 dispon\u00edvel em supermercados de todo o mundo, <\/span><span style=\"font-weight: 400;\">presente em mais de 60 pa\u00edses.<\/span><\/p>","protected":false},"excerpt":{"rendered":"<p>Adobe, a marca ic\u00f4nica da Vi\u00f1edos Org\u00e1nicos Emiliana \u2014 a maior vin\u00edcola org\u00e2nica do mundo \u2014, se renova com um novo visual. Com novas cores e um design moderno, essa mudan\u00e7a de imagem busca se adaptar aos novos tempos e h\u00e1bitos de consumo, sem deixar de lado o respeito pela terra e sua ess\u00eancia como [&hellip;]<\/p>\n","protected":false},"author":11,"featured_media":4171,"comment_status":"open","ping_status":"open","sticky":false,"template":"","format":"standard","meta":{"footnotes":""},"categories":[8],"tags":[],"class_list":["post-4170","post","type-post","status-publish","format-standard","has-post-thumbnail","hentry","category-novedades"],"acf":[],"img":"https:\/\/www.emiliana.cl\/cms\/wp-content\/uploads\/2026\/09\/2560-x-1769-tamano-completo-1.png","_links":{"self":[{"href":"https:\/\/www.emiliana.cl\/pt\/wp-json\/wp\/v2\/posts\/4170","targetHints":{"allow":["GET"]}}],"collection":[{"href":"https:\/\/www.emiliana.cl\/pt\/wp-json\/wp\/v2\/posts"}],"about":[{"href":"https:\/\/www.emiliana.cl\/pt\/wp-json\/wp\/v2\/types\/post"}],"author":[{"embeddable":true,"href":"https:\/\/www.emiliana.cl\/pt\/wp-json\/wp\/v2\/users\/11"}],"replies":[{"embeddable":true,"href":"https:\/\/www.emiliana.cl\/pt\/wp-json\/wp\/v2\/comments?post=4170"}],"version-history":[{"count":2,"href":"https:\/\/www.emiliana.cl\/pt\/wp-json\/wp\/v2\/posts\/4170\/revisions"}],"predecessor-version":[{"id":4173,"href":"https:\/\/www.emiliana.cl\/pt\/wp-json\/wp\/v2\/posts\/4170\/revisions\/4173"}],"wp:featuredmedia":[{"embeddable":true,"href":"https:\/\/www.emiliana.cl\/pt\/wp-json\/wp\/v2\/media\/4171"}],"wp:attachment":[{"href":"https:\/\/www.emiliana.cl\/pt\/wp-json\/wp\/v2\/media?parent=4170"}],"wp:term":[{"taxonomy":"category","embeddable":true,"href":"https:\/\/www.emiliana.cl\/pt\/wp-json\/wp\/v2\/categories?post=4170"},{"taxonomy":"post_tag","embeddable":true,"href":"https:\/\/www.emiliana.cl\/pt\/wp-json\/wp\/v2\/tags?post=4170"}],"curies":[{"name":"wp","href":"https:\/\/api.w.org\/{rel}","templated":true}]}}