{"id":4163,"date":"2026-04-03T00:01:16","date_gmt":"2026-04-03T03:01:16","guid":{"rendered":"https:\/\/www.emiliana.cl\/?p=4163"},"modified":"2026-09-03T00:09:48","modified_gmt":"2026-09-03T03:09:48","slug":"vinedos-organicos-emiliana-celebra-el-mes-de-la-tierra-demostrando-que-el-futuro-del-vino-es-regenerativo-organico","status":"publish","type":"post","link":"https:\/\/www.emiliana.cl\/pt\/vinedos-organicos-emiliana-celebra-el-mes-de-la-tierra-demostrando-que-el-futuro-del-vino-es-regenerativo-organico\/","title":{"rendered":"Vi\u00f1edos Org\u00e1nicos Emiliana celebra o M\u00eas da Terra demonstrando que o futuro do vinho \u00e9 regenerativo-org\u00e2nico"},"content":{"rendered":"<p><span style=\"font-weight: 400;\">Abril e a comemora\u00e7\u00e3o do Dia da Terra marcam um momento fundamental no ano para que empresas e consumidores reflitam sobre seu impacto no planeta. Longe de ficar apenas no discurso, a Vi\u00f1edos Org\u00e1nicos Emiliana decidiu lan\u00e7ar uma nova edi\u00e7\u00e3o de sua campanha \u201cM\u00eas da Terra\u201d, demonstrando com n\u00fameros concretos que a agricultura regenerativa org\u00e2nica e a produ\u00e7\u00e3o de vinhos sob esses padr\u00f5es s\u00e3o uma resposta real e eficaz \u00e0s mudan\u00e7as clim\u00e1ticas.<\/span><\/p>\n<p><span style=\"font-weight: 400;\">Ao apresentar os resultados de sua medi\u00e7\u00e3o de indicadores de sustentabilidade 2025, a vin\u00edcola reafirma o sucesso de seu modelo operacional.<\/span><\/p>\n<p><span style=\"font-weight: 400;\">\u201cO M\u00eas da Terra nos lembra que a sustentabilidade n\u00e3o \u00e9 um departamento dentro de uma empresa, mas sim a nossa maneira de entender o trabalho. O regenerativo-org\u00e2nico vai al\u00e9m de produzir sem produtos qu\u00edmicos; \u00e9 uma forma de pensar e de nos conectarmos com a natureza, entendendo que fazemos parte dela e que o nosso bem-estar coletivo depende das nossas a\u00e7\u00f5es de hoje\u201d, comentou Sebasti\u00e1n Tram\u00f3n, Gerente de Sustentabilidade. Para apoiar essa vis\u00e3o, a Vi\u00f1edos Org\u00e1nicos Emiliana destacou tr\u00eas grandes marcos de impacto ambiental alcan\u00e7ados durante o \u00faltimo per\u00edodo:<\/span><\/p>\n<p><b>A\u00e7\u00e3o clim\u00e1tica: redu\u00e7\u00e3o da pegada de carbono<\/b><\/p>\n<p><span style=\"font-weight: 400;\">Cuidar da terra exige reduzir emiss\u00f5es constantemente. Em 2025, a vin\u00edcola conseguiu reduzir sua pegada de carbono em 5% em rela\u00e7\u00e3o ao ano anterior, atingindo apenas 1,26 kg de CO2e por garrafa. Isso foi poss\u00edvel porque 100% da energia el\u00e9trica utilizada em suas vin\u00edcolas prov\u00e9m de fontes renov\u00e1veis, fazendo com que 86% de suas opera\u00e7\u00f5es totais sejam movidas por energias limpas. Em termos de embalagem, quase 90% de suas garrafas de 750cc pesam menos de 420 gramas \u2014 27% mais leves que a m\u00e9dia da ind\u00fastria \u2014, reduzindo drasticamente a energia necess\u00e1ria para sua fabrica\u00e7\u00e3o e transporte.<\/span><\/p>\n<p><b>Economia circular e comunit\u00e1ria<\/b><\/p>\n<p><span style=\"font-weight: 400;\">A vin\u00edcola consolidou um projeto pioneiro de vermicompostagem colaborativa que nutre a terra de forma natural, trabalhando em rede de Ovalle a Mulch\u00e9n junto a vizinhos e pequenos agricultores locais. Utilizando minhocas, eles transformam a mat\u00e9ria org\u00e2nica em fertilizantes 100% naturais, regenerando a vitalidade do solo. O impacto dessa a\u00e7\u00e3o \u00e9 t\u00e3o profundo que foi premiado mundialmente como a &#8220;Iniciativa Verde do Ano&#8221; pela prestigiosa revista The Drinks Business. Al\u00e9m disso, a empresa conseguiu produzir mais de 1.800 toneladas de composto este ano para uso em seus pr\u00f3prios vinhedos.<\/span><\/p>\n<p><b>Ref\u00fagios de ecossistemas vivos<\/b><\/p>\n<p><span style=\"font-weight: 400;\">Proteger a terra \u00e9 promover a vida selvagem que coabita com as videiras. Atualmente, a empresa mant\u00e9m 836 hectares dedicados exclusivamente \u00e0 conserva\u00e7\u00e3o da flora e fauna nativas. Esses verdadeiros pulm\u00f5es verdes e corredores biol\u00f3gicos foram fortalecidos este ano com o plantio de 2.105 \u00e1rvores e arbustos nativos, abrangendo 43 esp\u00e9cies diferentes. Como complemento fundamental para a nutri\u00e7\u00e3o do solo e a biodiversidade, 100% dos solos cultivados est\u00e3o protegidos por plantas de cobertura.<\/span><\/p>\n<p><span style=\"font-weight: 400;\">Neste M\u00eas da Terra, a Vi\u00f1edos Org\u00e1nicos Emiliana reafirma que a transpar\u00eancia \u00e9 o padr\u00e3o do futuro. Seus vinhos regenerativos-org\u00e2nicos, livres de pesticidas t\u00f3xicos, herbicidas, aromatizantes e corantes artificiais, contam com o aval das mais exigentes certifica\u00e7\u00f5es globais, como Certifica\u00e7\u00e3o Org\u00e2nica, Empresa B, Vegan Society e Regenerative Organic Certified (ROC).<\/span><\/p>","protected":false},"excerpt":{"rendered":"<p>Abril e a comemora\u00e7\u00e3o do Dia da Terra marcam um momento fundamental no ano para que empresas e consumidores reflitam sobre seu impacto no planeta. Longe de ficar apenas no discurso, a Vi\u00f1edos Org\u00e1nicos Emiliana decidiu lan\u00e7ar uma nova edi\u00e7\u00e3o de sua campanha \u201cM\u00eas da Terra\u201d, demonstrando com n\u00fameros concretos que a agricultura regenerativa org\u00e2nica [&hellip;]<\/p>\n","protected":false},"author":11,"featured_media":4164,"comment_status":"open","ping_status":"open","sticky":false,"template":"","format":"standard","meta":{"footnotes":""},"categories":[8],"tags":[],"class_list":["post-4163","post","type-post","status-publish","format-standard","has-post-thumbnail","hentry","category-novedades"],"acf":[],"img":"https:\/\/www.emiliana.cl\/cms\/wp-content\/uploads\/2026\/09\/Emiliana-1-scaled.jpg","_links":{"self":[{"href":"https:\/\/www.emiliana.cl\/pt\/wp-json\/wp\/v2\/posts\/4163","targetHints":{"allow":["GET"]}}],"collection":[{"href":"https:\/\/www.emiliana.cl\/pt\/wp-json\/wp\/v2\/posts"}],"about":[{"href":"https:\/\/www.emiliana.cl\/pt\/wp-json\/wp\/v2\/types\/post"}],"author":[{"embeddable":true,"href":"https:\/\/www.emiliana.cl\/pt\/wp-json\/wp\/v2\/users\/11"}],"replies":[{"embeddable":true,"href":"https:\/\/www.emiliana.cl\/pt\/wp-json\/wp\/v2\/comments?post=4163"}],"version-history":[{"count":1,"href":"https:\/\/www.emiliana.cl\/pt\/wp-json\/wp\/v2\/posts\/4163\/revisions"}],"predecessor-version":[{"id":4165,"href":"https:\/\/www.emiliana.cl\/pt\/wp-json\/wp\/v2\/posts\/4163\/revisions\/4165"}],"wp:featuredmedia":[{"embeddable":true,"href":"https:\/\/www.emiliana.cl\/pt\/wp-json\/wp\/v2\/media\/4164"}],"wp:attachment":[{"href":"https:\/\/www.emiliana.cl\/pt\/wp-json\/wp\/v2\/media?parent=4163"}],"wp:term":[{"taxonomy":"category","embeddable":true,"href":"https:\/\/www.emiliana.cl\/pt\/wp-json\/wp\/v2\/categories?post=4163"},{"taxonomy":"post_tag","embeddable":true,"href":"https:\/\/www.emiliana.cl\/pt\/wp-json\/wp\/v2\/tags?post=4163"}],"curies":[{"name":"wp","href":"https:\/\/api.w.org\/{rel}","templated":true}]}}